{"id":23615,"date":"2025-05-09T11:16:05","date_gmt":"2025-05-09T11:16:05","guid":{"rendered":"https:\/\/stadtwolmirstedt.de\/city-festival-2025-starts-with-the-ohrelauf\/"},"modified":"2025-07-23T09:50:00","modified_gmt":"2025-07-23T09:50:00","slug":"city-festival-2025-starts-with-the-ohrelauf","status":"publish","type":"post","link":"https:\/\/stadtwolmirstedt.de\/en\/city-festival-2025-starts-with-the-ohrelauf\/","title":{"rendered":"City festival 2025 starts with the Ohrelauf"},"content":{"rendered":"\n<div class=\"wp-block-columns is-layout-flex wp-container-core-columns-is-layout-9d6595d7 wp-block-columns-is-layout-flex\">\n<div class=\"wp-block-column is-layout-flow wp-block-column-is-layout-flow\" style=\"flex-basis:33.33%\">\n<figure class=\"wp-block-image size-large\"><img fetchpriority=\"high\" decoding=\"async\" width=\"768\" height=\"1024\" src=\"https:\/\/stadtwolmirstedt.de\/wp-content\/uploads\/2025\/05\/Ohrelauf2-768x1024.jpeg\" alt=\"L&#xE4;uber at the finish line  \" class=\"wp-image-23589\" srcset=\"https:\/\/stadtwolmirstedt.de\/wp-content\/uploads\/2025\/05\/Ohrelauf2-768x1024.jpeg 768w, https:\/\/stadtwolmirstedt.de\/wp-content\/uploads\/2025\/05\/Ohrelauf2-225x300.jpeg 225w, https:\/\/stadtwolmirstedt.de\/wp-content\/uploads\/2025\/05\/Ohrelauf2-300x400.jpeg 300w, https:\/\/stadtwolmirstedt.de\/wp-content\/uploads\/2025\/05\/Ohrelauf2-1152x1536.jpeg 1152w, https:\/\/stadtwolmirstedt.de\/wp-content\/uploads\/2025\/05\/Ohrelauf2-1536x2048.jpeg 1536w, https:\/\/stadtwolmirstedt.de\/wp-content\/uploads\/2025\/05\/Ohrelauf2-scaled.jpeg 1920w\" sizes=\"(max-width: 768px) 100vw, 768px\" \/><figcaption class=\"wp-element-caption\">Photos: Mecklenburgische Versicherung, Torsten R\u00f6mer<\/figcaption><\/figure>\n<\/div>\n\n\n\n<div class=\"wp-block-column is-layout-flow wp-block-column-is-layout-flow\" style=\"flex-basis:66.66%\">\n<p>The Wolmirstedt town festival will take place this year from Friday, June 13 to Sunday, June 15, 2025. In recent years, it has become a tradition for the event to begin on Fridays with the Ohrelauf. This time, too, the athletes will open the festival.  <\/p>\n\n\n\n<p>Under the motto &#8220;Every kilometer helps&#8221;, donations are to be collected through running, which will ultimately benefit a good cause. This year, Torsten R\u00f6mer from Mecklenburgische Versicherung and his wife Verena, who are organizing the Ohrelauf, announced that they would be supporting the &#8220;Blaue Nasen&#8221; association. Some companies that have already taken part in previous years have already registered again. They are now hoping for more companies and private individuals who would like to donate one euro per kilometer run.   <\/p>\n\n\n\n<p>If you can&#8217;t find a running team to support, you can also donate money to the &#8220;Blue Noses&#8221; themselves, who will be on site with an information stand on the day.<\/p>\n<\/div>\n<\/div>\n\n<div class=\"wp-block-columns is-layout-flex wp-container-core-columns-is-layout-9d6595d7 wp-block-columns-is-layout-flex\">\n<div class=\"wp-block-column is-layout-flow wp-block-column-is-layout-flow\" style=\"flex-basis:66.66%\">\n<p>The Ohrelauf will take place on Friday, June 13, from 4.30 pm. The &#8220;Bambinis&#8221;, i.e. children up to the age of 7, start first at 4.45 pm. They run a distance of 300 meters. Pupils from 8 to 14 years of age start at 5 p.m. and run 1.3 kilometers. The adults, who run around 2.5 kilometers, start at 5.45 pm.    <\/p>\n\n\n\n<p>The Ohrelauf is a relay race. It is run in teams of four &#8211; so each of the distances mentioned is completed four times. Complete teams can register, but also individual starters, who will then be grouped into teams. If you would like to take part, please contact Torsten R\u00f6mer at Mecklenburgische Versicherung Torsten R\u00f6mer at Friedensstra\u00dfe 11. Registration is also possible at <a href=\"mailto:info.torsten.roemer@mecklenburgische.com\">info.torsten.roemer@mecklenburgische.com<\/a> or via Instagram at <a href=\"http:\/\/www.instagram.com\/torsten.roemer\" target=\"_blank\" rel=\"noopener\">www.instagram.com\/torsten.roemer<\/a> or <a href=\"http:\/\/www.instagram.com\/ohrelauf\" target=\"_blank\" rel=\"noopener\">www.instagram.com\/ohrelauf.<\/a>    <\/p>\n<\/div>\n\n\n\n<div class=\"wp-block-column is-layout-flow wp-block-column-is-layout-flow\" style=\"flex-basis:50%\">\n<figure class=\"wp-block-image size-large\"><img decoding=\"async\" width=\"1024\" height=\"768\" src=\"https:\/\/stadtwolmirstedt.de\/wp-content\/uploads\/2025\/05\/Ohrelauf25-1024x768.jpg\" alt=\"\" class=\"wp-image-23596\" srcset=\"https:\/\/stadtwolmirstedt.de\/wp-content\/uploads\/2025\/05\/Ohrelauf25-1024x768.jpg 1024w, https:\/\/stadtwolmirstedt.de\/wp-content\/uploads\/2025\/05\/Ohrelauf25-300x225.jpg 300w, https:\/\/stadtwolmirstedt.de\/wp-content\/uploads\/2025\/05\/Ohrelauf25-768x576.jpg 768w, https:\/\/stadtwolmirstedt.de\/wp-content\/uploads\/2025\/05\/Ohrelauf25-640x480.jpg 640w, https:\/\/stadtwolmirstedt.de\/wp-content\/uploads\/2025\/05\/Ohrelauf25.jpg 1200w\" sizes=\"(max-width: 1024px) 100vw, 1024px\" \/><\/figure>\n<\/div>\n<\/div>\n\n<p>In addition to the donations that can be given per kilometer for the Ohrelauf, there is also a registration fee for relay teams with participants aged 15 and over. This is also donated to a good cause. Participation is free for schoolchildren and children.  <\/p>\n\n<p>Those who have exerted themselves athletically should also be allowed to celebrate afterwards. That&#8217;s why the town of Wolmirstedt is hosting a party with live music on the castle grounds on the evening of June 13. It starts at 8 pm and is also open to the public.  <\/p>\n","protected":false},"excerpt":{"rendered":"<p>The Ohrelauf will take place on Friday, June 13, starting at 4:30 pm.<\/p>\n","protected":false},"author":1,"featured_media":23588,"comment_status":"closed","ping_status":"open","sticky":false,"template":"","format":"standard","meta":{"neve_meta_sidebar":"","neve_meta_container":"","neve_meta_enable_content_width":"","neve_meta_content_width":0,"neve_meta_title_alignment":"","neve_meta_author_avatar":"","neve_post_elements_order":"","neve_meta_disable_header":"","neve_meta_disable_footer":"","neve_meta_disable_title":"","neve_meta_reading_time":"","footnotes":""},"categories":[138],"tags":[],"class_list":["post-23615","post","type-post","status-publish","format-standard","has-post-thumbnail","hentry","category-current"],"_links":{"self":[{"href":"https:\/\/stadtwolmirstedt.de\/en\/wp-json\/wp\/v2\/posts\/23615","targetHints":{"allow":["GET"]}}],"collection":[{"href":"https:\/\/stadtwolmirstedt.de\/en\/wp-json\/wp\/v2\/posts"}],"about":[{"href":"https:\/\/stadtwolmirstedt.de\/en\/wp-json\/wp\/v2\/types\/post"}],"author":[{"embeddable":true,"href":"https:\/\/stadtwolmirstedt.de\/en\/wp-json\/wp\/v2\/users\/1"}],"replies":[{"embeddable":true,"href":"https:\/\/stadtwolmirstedt.de\/en\/wp-json\/wp\/v2\/comments?post=23615"}],"version-history":[{"count":2,"href":"https:\/\/stadtwolmirstedt.de\/en\/wp-json\/wp\/v2\/posts\/23615\/revisions"}],"predecessor-version":[{"id":25390,"href":"https:\/\/stadtwolmirstedt.de\/en\/wp-json\/wp\/v2\/posts\/23615\/revisions\/25390"}],"wp:featuredmedia":[{"embeddable":true,"href":"https:\/\/stadtwolmirstedt.de\/en\/wp-json\/wp\/v2\/media\/23588"}],"wp:attachment":[{"href":"https:\/\/stadtwolmirstedt.de\/en\/wp-json\/wp\/v2\/media?parent=23615"}],"wp:term":[{"taxonomy":"category","embeddable":true,"href":"https:\/\/stadtwolmirstedt.de\/en\/wp-json\/wp\/v2\/categories?post=23615"},{"taxonomy":"post_tag","embeddable":true,"href":"https:\/\/stadtwolmirstedt.de\/en\/wp-json\/wp\/v2\/tags?post=23615"}],"curies":[{"name":"wp","href":"https:\/\/api.w.org\/{rel}","templated":true}]}}